{"id":260,"date":"2013-02-15T20:07:40","date_gmt":"2013-02-16T01:07:40","guid":{"rendered":"http:\/\/www.morgentaler25years.ca\/fr\/?p=260"},"modified":"2013-02-15T20:07:40","modified_gmt":"2013-02-16T01:07:40","slug":"25-ans-de-droit-a-lavortement","status":"publish","type":"post","link":"https:\/\/www.morgentaler25years.ca\/fr\/25-ans-de-droit-a-lavortement\/","title":{"rendered":"25 ans de droit \u00e0 l&#8217;avortement"},"content":{"rendered":"<p>28\u00a0janvier\u00a02013, Radio-Canada<\/p>\n<p><a href=\"http:\/\/www.radio-canada.ca\/nouvelles\/societe\/2013\/01\/27\/001-001-avortement-droit-anniversaire.shtml\" target=\"_blank\">http:\/\/www.radio-canada.ca\/nouvelles\/societe\/2013\/01\/27\/001-001-avortement-droit-anniversaire.shtml<\/a><\/p>\n<p>Il y a un quart de si\u00e8cle, le 28 janvier 1988, au terme d&#8217;ann\u00e9es de bataille juridique, une d\u00e9cision majeure de la Cour supr\u00eame du Canada abrogeant la loi canadienne qui criminalisait l&#8217;avortement donnait aux femmes du pays le droit d&#8217;interrompre librement leur\u00a0grossesse.<\/p>\n","protected":false},"excerpt":{"rendered":"<p>28\u00a0janvier\u00a02013, Radio-Canada http:\/\/www.radio-canada.ca\/nouvelles\/societe\/2013\/01\/27\/001-001-avortement-droit-anniversaire.shtml Il y a un quart de si\u00e8cle, le 28 janvier 1988, au terme d&#8217;ann\u00e9es de bataille juridique, une d\u00e9cision majeure de la Cour supr\u00eame du Canada abrogeant la loi canadienne qui criminalisait l&#8217;avortement donnait aux femmes du pays le droit d&#8217;interrompre librement leur\u00a0grossesse.<\/p>\n","protected":false},"author":1,"featured_media":0,"comment_status":"closed","ping_status":"closed","sticky":false,"template":"","format":"standard","meta":[],"categories":[5],"tags":[],"_links":{"self":[{"href":"https:\/\/www.morgentaler25years.ca\/fr\/wp-json\/wp\/v2\/posts\/260"}],"collection":[{"href":"https:\/\/www.morgentaler25years.ca\/fr\/wp-json\/wp\/v2\/posts"}],"about":[{"href":"https:\/\/www.morgentaler25years.ca\/fr\/wp-json\/wp\/v2\/types\/post"}],"author":[{"embeddable":true,"href":"https:\/\/www.morgentaler25years.ca\/fr\/wp-json\/wp\/v2\/users\/1"}],"replies":[{"embeddable":true,"href":"https:\/\/www.morgentaler25years.ca\/fr\/wp-json\/wp\/v2\/comments?post=260"}],"version-history":[{"count":1,"href":"https:\/\/www.morgentaler25years.ca\/fr\/wp-json\/wp\/v2\/posts\/260\/revisions"}],"predecessor-version":[{"id":261,"href":"https:\/\/www.morgentaler25years.ca\/fr\/wp-json\/wp\/v2\/posts\/260\/revisions\/261"}],"wp:attachment":[{"href":"https:\/\/www.morgentaler25years.ca\/fr\/wp-json\/wp\/v2\/media?parent=260"}],"wp:term":[{"taxonomy":"category","embeddable":true,"href":"https:\/\/www.morgentaler25years.ca\/fr\/wp-json\/wp\/v2\/categories?post=260"},{"taxonomy":"post_tag","embeddable":true,"href":"https:\/\/www.morgentaler25years.ca\/fr\/wp-json\/wp\/v2\/tags?post=260"}],"curies":[{"name":"wp","href":"https:\/\/api.w.org\/{rel}","templated":true}]}}